{"id":473,"date":"2025-04-16T08:46:26","date_gmt":"2025-04-16T08:46:26","guid":{"rendered":"https:\/\/immigrant.org\/aktuellt\/?p=473"},"modified":"2025-04-16T08:47:37","modified_gmt":"2025-04-16T08:47:37","slug":"mangsprakighet","status":"publish","type":"post","link":"https:\/\/immigrant.org\/aktuellt\/2025\/04\/16\/mangsprakighet\/","title":{"rendered":"M\u00e5ngspr\u00e5kighet \u00e4r v\u00e4rldens enklaste grey"},"content":{"rendered":"\n<p>En artikel av Anna-Lena Laur\u00e9n en Dagens nyheter: &#8220;Medan jag v\u00e4ntade min dotter fick jag en bekymrad fr\u00e5ga av en svensk bekant. N\u00e4mligen om jag verkligen t\u00e4nkte tala svenska med barnet?&#8221;<\/p>\n\n\n\n<p><a href=\"https:\/\/www.dn.se\/varlden\/anna-lena-lauren-mangsprakighet-ar-varldens-enklaste-grej\">https:\/\/www.dn.se\/varlden\/anna-lena-lauren-mangsprakighet-ar-varldens-enklaste-grej<\/a><\/p>\n\n\n\n<p><\/p>\n","protected":false},"excerpt":{"rendered":"<p>En artikel av Anna-Lena Laur\u00e9n en Dagens nyheter: &#8220;Medan jag v\u00e4ntade min dotter fick jag en bekymrad fr\u00e5ga av en svensk bekant. N\u00e4mligen om jag verkligen t\u00e4nkte tala svenska med barnet?&#8221; https:\/\/www.dn.se\/varlden\/anna-lena-lauren-mangsprakighet-ar-varldens-enklaste-grej<\/p>\n","protected":false},"author":1,"featured_media":0,"comment_status":"closed","ping_status":"open","sticky":false,"template":"","format":"standard","meta":{"footnotes":""},"categories":[5],"tags":[],"class_list":["post-473","post","type-post","status-publish","format-standard","hentry","category-samhalle"],"_links":{"self":[{"href":"https:\/\/immigrant.org\/aktuellt\/wp-json\/wp\/v2\/posts\/473","targetHints":{"allow":["GET"]}}],"collection":[{"href":"https:\/\/immigrant.org\/aktuellt\/wp-json\/wp\/v2\/posts"}],"about":[{"href":"https:\/\/immigrant.org\/aktuellt\/wp-json\/wp\/v2\/types\/post"}],"author":[{"embeddable":true,"href":"https:\/\/immigrant.org\/aktuellt\/wp-json\/wp\/v2\/users\/1"}],"replies":[{"embeddable":true,"href":"https:\/\/immigrant.org\/aktuellt\/wp-json\/wp\/v2\/comments?post=473"}],"version-history":[{"count":2,"href":"https:\/\/immigrant.org\/aktuellt\/wp-json\/wp\/v2\/posts\/473\/revisions"}],"predecessor-version":[{"id":475,"href":"https:\/\/immigrant.org\/aktuellt\/wp-json\/wp\/v2\/posts\/473\/revisions\/475"}],"wp:attachment":[{"href":"https:\/\/immigrant.org\/aktuellt\/wp-json\/wp\/v2\/media?parent=473"}],"wp:term":[{"taxonomy":"category","embeddable":true,"href":"https:\/\/immigrant.org\/aktuellt\/wp-json\/wp\/v2\/categories?post=473"},{"taxonomy":"post_tag","embeddable":true,"href":"https:\/\/immigrant.org\/aktuellt\/wp-json\/wp\/v2\/tags?post=473"}],"curies":[{"name":"wp","href":"https:\/\/api.w.org\/{rel}","templated":true}]}}