{"id":450,"date":"2025-02-01T20:00:13","date_gmt":"2025-02-01T20:00:13","guid":{"rendered":"https:\/\/immigrant.org\/aktuellt\/?p=450"},"modified":"2025-01-27T20:03:45","modified_gmt":"2025-01-27T20:03:45","slug":"15-5-fin-dag","status":"publish","type":"post","link":"https:\/\/immigrant.org\/aktuellt\/2025\/02\/01\/15-5-fin-dag\/","title":{"rendered":"15\/5 Fin Dag"},"content":{"rendered":"\n<figure class=\"wp-block-table\"><table class=\"has-fixed-layout\"><tbody><tr><td colspan=\"4\"><img decoding=\"async\" alt=\"\" src=\"https:\/\/media.getanewsletter.com\/d12e8a66-3542-497f-b5d0-c0ecab56f4af.jpg\" width=\"550\">En sj\u00e4lvklar \u00e5terkommande m\u00f6tesplats i \u00d6sterg\u00f6tland f\u00f6r att minska avst\u00e5ndet i v\u00e5rt samh\u00e4lle Rekrytera direkt p\u00e5 plats &#8211; en unik arena f\u00f6r dig som arbetsgivare att tr\u00e4ffa arbetss\u00f6kande IRL samt inkludera p\u00e5 riktigt!<img decoding=\"async\" alt=\"\" src=\"https:\/\/media.getanewsletter.com\/a5008124-85f5-457b-b3dc-6231a74aa39b.jpg\" width=\"292\"><strong>OBS! Boka tidig rabatt innan 31\/1<\/strong><a href=\"https:\/\/gantrack2.com\/t\/l\/8879755\/0_NDI0MDM3MTMwNTQ3Mg==\/\" target=\"_blank\" rel=\"noreferrer noopener\"> Torsd 15 maj &#8211; boka plats nu <\/a><img decoding=\"async\" alt=\"\" src=\"https:\/\/media.getanewsletter.com\/e30573a2-686a-4ab7-8f6f-eb7a28eb9dac.jpg\" width=\"296\">Om du som jag \u00e4r \u00f6vertygad om att integration och inkludering sker lokalt och mellan m\u00e4nniskor och kanske tillsammans med mig vill utveckla m\u00f6tesplatsen och jobbm\u00e4ssan till n\u00e5got st\u00f6rre och \u00e4nnu mer omfattande, tveka inte att h\u00f6ra av dig!Jag har \u00e5ter igen bokat Tr\u00e4dg\u00e5rdsf\u00f6reningen och arrangemanget kommer att genomf\u00f6ras f\u00f6r 8:e g\u00e5ngenNu har ni som f\u00f6retag, organisation eller f\u00f6rening m\u00f6jlighet att medverka och engagera er p\u00e5 \u00e5rets finaste dag.B\u00e4sta h\u00e4lsningar, Anders<img decoding=\"async\" alt=\"\" src=\"https:\/\/media.getanewsletter.com\/d98df220-ec8a-491c-a7e0-1830472932c8.jpg\" width=\"161\"><img decoding=\"async\" alt=\"\" src=\"https:\/\/cdn.getanewsletter.com\/a\/pixel.gif\" width=\"30\"><img loading=\"lazy\" decoding=\"async\" alt=\"\" height=\"79\" src=\"https:\/\/media.getanewsletter.com\/768ac5b7-6e04-4768-b8c0-fe4f13dd9904.jpg\" width=\"142\"><img decoding=\"async\" alt=\"\" src=\"https:\/\/cdn.getanewsletter.com\/a\/pixel.gif\" width=\"30\"><img decoding=\"async\" alt=\"\" src=\"https:\/\/media.getanewsletter.com\/7d8e262e-fad0-47f8-8fd1-52ef09a03ae2.jpg\" width=\"161\"><strong>SUMMERING FIN DAG 16\/5 2024<\/strong>I str\u00e5lande solsken arrangerade vi m\u00f6tesplatsen FIN DAG f\u00f6r <strong>7:e g\u00e5ngen<\/strong>. Det blev nytt bes\u00f6ksrekord och det var uppemot hela <strong>1 800 personer<\/strong> inom \u201dm\u00e4ssomr\u00e5det\u201d runt stora scenen i vackra Tr\u00e4dg\u00e5rdsf\u00f6reningen.<a href=\"https:\/\/gantrack2.com\/t\/l\/8879756\/0_NDI0MDM3MTMwNTQ3Mg==\/\" target=\"_blank\" rel=\"noreferrer noopener\"> Summering maj 2024<\/a><\/td><\/tr><tr><td><\/td><td><a href=\"https:\/\/gantrack2.com\/t\/l\/8879757\/0_NDI0MDM3MTMwNTQ3Mg==\/\" target=\"_blank\" rel=\"noreferrer noopener\"><\/a><\/td><td><\/td><td><\/td><\/tr><tr><td><\/td><td colspan=\"2\"><img decoding=\"async\" alt=\"\" src=\"https:\/\/media.getanewsletter.com\/a0148d8d-d42c-4214-b166-fbdebba55d14.jpg\" width=\"145\"><img decoding=\"async\" alt=\"\" src=\"https:\/\/cdn.getanewsletter.com\/a\/pixel.gif\" width=\"30\"><img decoding=\"async\" alt=\"\" src=\"https:\/\/media.getanewsletter.com\/d7f8defa-e96b-4a72-96e4-dd5443c3c4b2.jpg\" width=\"165\"><strong>Nyheter 2025<\/strong><strong>Politik &amp; p\u00e5verkan <\/strong>Att sprida kunskap om demokrati och erbjuda politikerutfr\u00e5gningar i syfte att \u00f6ka engagemanget och valdeltagandet hos utrikesf\u00f6dda och unga medborgare.<strong>N\u00e4ringslivet M\u00f6ter F\u00f6rorten via schack.<\/strong>En events-baserad r\u00f6relse f\u00f6r integration och mot segregation som f\u00f6r samman m\u00e4nniskor som inte m\u00f6ts s\u00e5 ofta om ens aldrig! <a href=\"https:\/\/gantrack2.com\/t\/l\/8879755\/0_NDI0MDM3MTMwNTQ3Mg==\/\" target=\"_blank\" rel=\"noreferrer noopener\">FIN DAG 15 MAJ 2025<\/a><\/td><\/tr><\/tbody><\/table><\/figure>\n\n\n\n<p><\/p>\n","protected":false},"excerpt":{"rendered":"<p>En sj\u00e4lvklar \u00e5terkommande m\u00f6tesplats i \u00d6sterg\u00f6tland f\u00f6r att minska avst\u00e5ndet i v\u00e5rt samh\u00e4lle Rekrytera direkt p\u00e5 plats &#8211; en unik arena f\u00f6r dig som arbetsgivare att tr\u00e4ffa arbetss\u00f6kande IRL samt inkludera p\u00e5 riktigt!OBS! Boka tidig rabatt innan 31\/1 Torsd 15 maj &#8211; boka plats nu Om du som jag \u00e4r \u00f6vertygad om att integration och [&hellip;]<\/p>\n","protected":false},"author":1,"featured_media":0,"comment_status":"closed","ping_status":"open","sticky":false,"template":"","format":"standard","meta":{"footnotes":""},"categories":[5],"tags":[],"class_list":["post-450","post","type-post","status-publish","format-standard","hentry","category-samhalle"],"_links":{"self":[{"href":"https:\/\/immigrant.org\/aktuellt\/wp-json\/wp\/v2\/posts\/450","targetHints":{"allow":["GET"]}}],"collection":[{"href":"https:\/\/immigrant.org\/aktuellt\/wp-json\/wp\/v2\/posts"}],"about":[{"href":"https:\/\/immigrant.org\/aktuellt\/wp-json\/wp\/v2\/types\/post"}],"author":[{"embeddable":true,"href":"https:\/\/immigrant.org\/aktuellt\/wp-json\/wp\/v2\/users\/1"}],"replies":[{"embeddable":true,"href":"https:\/\/immigrant.org\/aktuellt\/wp-json\/wp\/v2\/comments?post=450"}],"version-history":[{"count":1,"href":"https:\/\/immigrant.org\/aktuellt\/wp-json\/wp\/v2\/posts\/450\/revisions"}],"predecessor-version":[{"id":451,"href":"https:\/\/immigrant.org\/aktuellt\/wp-json\/wp\/v2\/posts\/450\/revisions\/451"}],"wp:attachment":[{"href":"https:\/\/immigrant.org\/aktuellt\/wp-json\/wp\/v2\/media?parent=450"}],"wp:term":[{"taxonomy":"category","embeddable":true,"href":"https:\/\/immigrant.org\/aktuellt\/wp-json\/wp\/v2\/categories?post=450"},{"taxonomy":"post_tag","embeddable":true,"href":"https:\/\/immigrant.org\/aktuellt\/wp-json\/wp\/v2\/tags?post=450"}],"curies":[{"name":"wp","href":"https:\/\/api.w.org\/{rel}","templated":true}]}}