{"id":365,"date":"2023-10-25T09:19:10","date_gmt":"2023-10-25T09:19:10","guid":{"rendered":"https:\/\/immigrant.org\/aktuellt\/?p=365"},"modified":"2023-10-25T09:19:10","modified_gmt":"2023-10-25T09:19:10","slug":"invandringspolitik-pa-undantag","status":"publish","type":"post","link":"https:\/\/immigrant.org\/aktuellt\/2023\/10\/25\/invandringspolitik-pa-undantag\/","title":{"rendered":"Invandringspolitik p\u00e5 undantag"},"content":{"rendered":"\n<p>Det kan vara v\u00e4rt att d\u00e5 och d\u00e5 blicka tillbaka f\u00f6r att f\u00f6rst\u00e5 dagen. Samma dag, den 2 november 1989, publicerade tidningen Aftenposten tv\u00e5 artiklar, den ena om att Sverige s\u00f6kte arbetare i Norge genom en jobbm\u00e4ssa i Oslo, &#8220;Tusener tilbys jobb i Sverige&#8221;. Den andra artikeln, &#8220;Svensketelt f\u00f6r flyktninger&#8221;, handlade om att man i Esl\u00f6v lyfte upp t\u00e4lt f\u00f6r att h\u00e4rb\u00e4rgera flyktingar.<\/p>\n\n\n\n<p>Sv\u00e5righeten att integrera flyktingar i arbetsmarknaden \u00e4r alltj\u00e4mt densamma.  P\u00e5 samma g\u00e5ng v\u00e4lkomnar man andra arbetare som kommer fr\u00e5n n\u00e4raliggande omr\u00e5den, \u00e4ven om de inte alltid \u00e4r kvalificerade f\u00f6r jobben.<\/p>\n\n\n\n<p><\/p>\n","protected":false},"excerpt":{"rendered":"<p>Det kan vara v\u00e4rt att d\u00e5 och d\u00e5 blicka tillbaka f\u00f6r att f\u00f6rst\u00e5 dagen. Samma dag, den 2 november 1989, publicerade tidningen Aftenposten tv\u00e5 artiklar, den ena om att Sverige s\u00f6kte arbetare i Norge genom en jobbm\u00e4ssa i Oslo, &#8220;Tusener tilbys jobb i Sverige&#8221;. Den andra artikeln, &#8220;Svensketelt f\u00f6r flyktninger&#8221;, handlade om att man i [&hellip;]<\/p>\n","protected":false},"author":1,"featured_media":0,"comment_status":"open","ping_status":"open","sticky":false,"template":"","format":"standard","meta":{"footnotes":""},"categories":[7],"tags":[],"class_list":["post-365","post","type-post","status-publish","format-standard","hentry","category-debatt"],"_links":{"self":[{"href":"https:\/\/immigrant.org\/aktuellt\/wp-json\/wp\/v2\/posts\/365","targetHints":{"allow":["GET"]}}],"collection":[{"href":"https:\/\/immigrant.org\/aktuellt\/wp-json\/wp\/v2\/posts"}],"about":[{"href":"https:\/\/immigrant.org\/aktuellt\/wp-json\/wp\/v2\/types\/post"}],"author":[{"embeddable":true,"href":"https:\/\/immigrant.org\/aktuellt\/wp-json\/wp\/v2\/users\/1"}],"replies":[{"embeddable":true,"href":"https:\/\/immigrant.org\/aktuellt\/wp-json\/wp\/v2\/comments?post=365"}],"version-history":[{"count":1,"href":"https:\/\/immigrant.org\/aktuellt\/wp-json\/wp\/v2\/posts\/365\/revisions"}],"predecessor-version":[{"id":366,"href":"https:\/\/immigrant.org\/aktuellt\/wp-json\/wp\/v2\/posts\/365\/revisions\/366"}],"wp:attachment":[{"href":"https:\/\/immigrant.org\/aktuellt\/wp-json\/wp\/v2\/media?parent=365"}],"wp:term":[{"taxonomy":"category","embeddable":true,"href":"https:\/\/immigrant.org\/aktuellt\/wp-json\/wp\/v2\/categories?post=365"},{"taxonomy":"post_tag","embeddable":true,"href":"https:\/\/immigrant.org\/aktuellt\/wp-json\/wp\/v2\/tags?post=365"}],"curies":[{"name":"wp","href":"https:\/\/api.w.org\/{rel}","templated":true}]}}