{"id":269,"date":"2022-04-10T09:24:01","date_gmt":"2022-04-10T09:24:01","guid":{"rendered":"https:\/\/immigrant.org\/aktuellt\/?p=269"},"modified":"2022-04-10T09:24:01","modified_gmt":"2022-04-10T09:24:01","slug":"ang-flyktingar-fran-ukraina","status":"publish","type":"post","link":"https:\/\/immigrant.org\/aktuellt\/2022\/04\/10\/ang-flyktingar-fran-ukraina\/","title":{"rendered":"Ang. flyktingar fr\u00e5n Ukraina"},"content":{"rendered":"\n<ul class=\"wp-block-list\"><li>Ukrainska medborgare eller de som har skyddsstatus i Ukraina och har l\u00e4mnat landet efter den ryska invasionen kan f\u00e5 ett tidsbegr\u00e4nsat uppeh\u00e5llstillst\u00e5nd i Sverige, enligt EU:s massflyktsdirektiv.<\/li><li>Den som f\u00e5r ett s\u00e5dant uppeh\u00e5llstillst\u00e5nd blir inte folkbokf\u00f6rd i Sverige och har d\u00e4rf\u00f6r inte r\u00e4tt till samma ekonomiska st\u00f6d.<\/li><li>D\u00e4remot kan personen ans\u00f6ka om den dagers\u00e4ttning fr\u00e5n Migrationsverket som \u00e4ven asyls\u00f6kande har r\u00e4tt till.<\/li><\/ul>\n\n\n\n<p>P\u00e5 boenden d\u00e4r mat ing\u00e5r \u00e4r dager\u00ads\u00e4tt\u00adningen:<\/p>\n\n\n\n<ul class=\"wp-block-list\"><li>24 kr f\u00f6r vuxna ensamst\u00e5ende<\/li><li>19 kr per person f\u00f6r vuxna som delar hush\u00e5llskostnader<\/li><li>12 kr f\u00f6r barn till och med 17 \u00e5r.<\/li><\/ul>\n\n\n\n<p>P\u00e5 boenden d\u00e4r mat inte ing\u00e5r \u00e4r dager\u00ads\u00e4tt\u00adningen:<\/p>\n\n\n\n<ul class=\"wp-block-list\"><li>71 kr f\u00f6r vuxna ensamst\u00e5ende<\/li><li>61 kr och person f\u00f6r vuxna som delar hush\u00e5llskostnader<\/li><li>37 kr f\u00f6r barn 0\u20133 \u00e5r<\/li><li>43 kr f\u00f6r barn 4\u201310 \u00e5r<\/li><li>50 kr f\u00f6r barn 11\u201317 \u00e5r.<\/li><\/ul>\n\n\n\n<p><em>K\u00e4llor: Migrationsverket och F\u00f6rs\u00e4kringskassan<\/em><\/p>\n","protected":false},"excerpt":{"rendered":"<p>Ukrainska medborgare eller de som har skyddsstatus i Ukraina och har l\u00e4mnat landet efter den ryska invasionen kan f\u00e5 ett tidsbegr\u00e4nsat uppeh\u00e5llstillst\u00e5nd i Sverige, enligt EU:s massflyktsdirektiv. Den som f\u00e5r ett s\u00e5dant uppeh\u00e5llstillst\u00e5nd blir inte folkbokf\u00f6rd i Sverige och har d\u00e4rf\u00f6r inte r\u00e4tt till samma ekonomiska st\u00f6d. D\u00e4remot kan personen ans\u00f6ka om den dagers\u00e4ttning fr\u00e5n [&hellip;]<\/p>\n","protected":false},"author":1,"featured_media":0,"comment_status":"open","ping_status":"open","sticky":false,"template":"","format":"standard","meta":{"footnotes":""},"categories":[4],"tags":[],"class_list":["post-269","post","type-post","status-publish","format-standard","hentry","category-folkgrupper"],"_links":{"self":[{"href":"https:\/\/immigrant.org\/aktuellt\/wp-json\/wp\/v2\/posts\/269","targetHints":{"allow":["GET"]}}],"collection":[{"href":"https:\/\/immigrant.org\/aktuellt\/wp-json\/wp\/v2\/posts"}],"about":[{"href":"https:\/\/immigrant.org\/aktuellt\/wp-json\/wp\/v2\/types\/post"}],"author":[{"embeddable":true,"href":"https:\/\/immigrant.org\/aktuellt\/wp-json\/wp\/v2\/users\/1"}],"replies":[{"embeddable":true,"href":"https:\/\/immigrant.org\/aktuellt\/wp-json\/wp\/v2\/comments?post=269"}],"version-history":[{"count":1,"href":"https:\/\/immigrant.org\/aktuellt\/wp-json\/wp\/v2\/posts\/269\/revisions"}],"predecessor-version":[{"id":270,"href":"https:\/\/immigrant.org\/aktuellt\/wp-json\/wp\/v2\/posts\/269\/revisions\/270"}],"wp:attachment":[{"href":"https:\/\/immigrant.org\/aktuellt\/wp-json\/wp\/v2\/media?parent=269"}],"wp:term":[{"taxonomy":"category","embeddable":true,"href":"https:\/\/immigrant.org\/aktuellt\/wp-json\/wp\/v2\/categories?post=269"},{"taxonomy":"post_tag","embeddable":true,"href":"https:\/\/immigrant.org\/aktuellt\/wp-json\/wp\/v2\/tags?post=269"}],"curies":[{"name":"wp","href":"https:\/\/api.w.org\/{rel}","templated":true}]}}