{"id":256,"date":"2022-03-24T09:19:16","date_gmt":"2022-03-24T09:19:16","guid":{"rendered":"https:\/\/immigrant.org\/aktuellt\/?p=256"},"modified":"2022-03-24T09:41:59","modified_gmt":"2022-03-24T09:41:59","slug":"utlanningar-ska-lamna-fingeravtryck-och-fotograferas-vid-in-och-utresa-till-sverige","status":"publish","type":"post","link":"https:\/\/immigrant.org\/aktuellt\/2022\/03\/24\/utlanningar-ska-lamna-fingeravtryck-och-fotograferas-vid-in-och-utresa-till-sverige\/","title":{"rendered":"Utl\u00e4nningar ska l\u00e4mna fingeravtryck och fotograferas vid in- och utresa till Sverige"},"content":{"rendered":"\n<figure class=\"wp-block-table\"><table><tbody><tr><td><\/td><td><a href=\"https:\/\/one-lnk.com\/x1esVlONqe9TpvMXRjVUlCsr2_nQIhbmI40raBZHFlk_pQoXNrNrgPJ6S0A7H26SLPJIOEJJSFchDay9TMST_vToA\/x1e3W0y-U953D9bKQCeNuDlXH20LzHsmgi1wj9Wbo791x8SOvEuamVVER64koB6re32pwbBvUwJdlUJax3T9jBK-u_vfXzKrUESIoGnVHUomLxYf2pRJdjvn58UrCXnGLe_bPtCj5RRB-gX04t__MKFa2Y27C5yg3FfxbRT-NZ0QYCGxtHRY2WVKMLj8kv8ylyF2PNEYcTdl3IL4KFwp1wozpkGN-i3Nml0umnZKsoj0TWe52QbbRzExr3ry0wFg6Al\/x1e4yan9PGUA3jeYe61QVSaZQ\/\" target=\"_blank\" rel=\"noreferrer noopener\">Utl\u00e4nningar ska l\u00e4mna fingeravtryck och fotograferas vid in- och utresa till Sverige (SfU14)<\/a> Riksdagen s\u00e4ger ja till regeringens f\u00f6rslag om lag\u00e4ndringar f\u00f6r att anpassa svensk lagstiftning till EU:s nya in- och utresesystem. EU:s in- och utrikessystem inneb\u00e4r att en utl\u00e4nning fr\u00e5n tredje land som vill resa in i Sverige ska l\u00e4mna fingeravtryck och l\u00e5ta sig bli fotograferad f\u00f6r att en kontroll mot in- och utresesystemet ska kunna g\u00f6ras. Besluten fattas d\u00e4rf\u00f6r med anledning av de tv\u00e5 EU-f\u00f6rordningar som antogs 2017. Lag\u00e4ndringarna f\u00f6resl\u00e5s b\u00f6rja g\u00e4lla den dag regeringen best\u00e4mmer.<\/td><\/tr><\/tbody><\/table><\/figure>\n","protected":false},"excerpt":{"rendered":"<p>Utl\u00e4nningar ska l\u00e4mna fingeravtryck och fotograferas vid in- och utresa till Sverige (SfU14) Riksdagen s\u00e4ger ja till regeringens f\u00f6rslag om lag\u00e4ndringar f\u00f6r att anpassa svensk lagstiftning till EU:s nya in- och utresesystem. EU:s in- och utrikessystem inneb\u00e4r att en utl\u00e4nning fr\u00e5n tredje land som vill resa in i Sverige ska l\u00e4mna fingeravtryck och l\u00e5ta sig [&hellip;]<\/p>\n","protected":false},"author":1,"featured_media":0,"comment_status":"open","ping_status":"open","sticky":false,"template":"","format":"standard","meta":{"footnotes":""},"categories":[3],"tags":[],"class_list":["post-256","post","type-post","status-publish","format-standard","hentry","category-politik"],"_links":{"self":[{"href":"https:\/\/immigrant.org\/aktuellt\/wp-json\/wp\/v2\/posts\/256","targetHints":{"allow":["GET"]}}],"collection":[{"href":"https:\/\/immigrant.org\/aktuellt\/wp-json\/wp\/v2\/posts"}],"about":[{"href":"https:\/\/immigrant.org\/aktuellt\/wp-json\/wp\/v2\/types\/post"}],"author":[{"embeddable":true,"href":"https:\/\/immigrant.org\/aktuellt\/wp-json\/wp\/v2\/users\/1"}],"replies":[{"embeddable":true,"href":"https:\/\/immigrant.org\/aktuellt\/wp-json\/wp\/v2\/comments?post=256"}],"version-history":[{"count":3,"href":"https:\/\/immigrant.org\/aktuellt\/wp-json\/wp\/v2\/posts\/256\/revisions"}],"predecessor-version":[{"id":259,"href":"https:\/\/immigrant.org\/aktuellt\/wp-json\/wp\/v2\/posts\/256\/revisions\/259"}],"wp:attachment":[{"href":"https:\/\/immigrant.org\/aktuellt\/wp-json\/wp\/v2\/media?parent=256"}],"wp:term":[{"taxonomy":"category","embeddable":true,"href":"https:\/\/immigrant.org\/aktuellt\/wp-json\/wp\/v2\/categories?post=256"},{"taxonomy":"post_tag","embeddable":true,"href":"https:\/\/immigrant.org\/aktuellt\/wp-json\/wp\/v2\/tags?post=256"}],"curies":[{"name":"wp","href":"https:\/\/api.w.org\/{rel}","templated":true}]}}