{"id":127,"date":"2022-01-20T12:51:06","date_gmt":"2022-01-20T12:51:06","guid":{"rendered":"https:\/\/immigrant.org\/aktuellt\/?p=127"},"modified":"2022-01-21T10:12:36","modified_gmt":"2022-01-21T10:12:36","slug":"27-1-forintelsens-minnesdag","status":"publish","type":"post","link":"https:\/\/immigrant.org\/aktuellt\/2022\/01\/20\/27-1-forintelsens-minnesdag\/","title":{"rendered":"27\/1 F\u00f6rintelsens minnesdag"},"content":{"rendered":"\n<p>\u00c9 Romani Glinda bjuder in till minnesstund i Hedvig Eleonora kyrka OBS eventet genomf\u00f6rs med begr\u00e4nsad publik p\u00e5 plats samt livestreamas.<br><br>Den 27 januari 1945 befriades f\u00e5ngarna i koncentrationsl\u00e4gret Auschwitz-Birkenau av R\u00f6da arm\u00e9n. D\u00e4rf\u00f6r manifesterar vi F\u00f6rintelsens minnesdag, en internationell minnesdag f\u00f6r F\u00f6rintelsens offer. Minnesdagen \u00e4r till f\u00f6r att vi aldrig ska gl\u00f6mma nazisternas offer och f\u00f6r att st\u00f6dja alla de som k\u00e4mpar mot intolerans, fr\u00e4mlingsfientlighet,<br>rasism, antisemitism och antiziganism.<\/p>\n\n\n\n<p>\u00c9 Romani Glinda s\u00e4tter som vanligt fokus p\u00e5 romernas historia, ett av de tv\u00e5 folk nazisterna ville utrota.<br>Romer och judar skulle inte ha n\u00e5gon plats i det Stortyska riket. Systematiskt utrotades de b\u00e4gge grupperna.<br><br>Medverkande i programmet: Sveriges Kulturministern Jeanette Gustafsdotter; Utbildningsminister Anna Ekstr\u00f6m; \u00c4rkebiskop Antje Jackel\u00e9n; Erik Broberg, Forum F\u00f6r Levande historia; Katherine Hauptman Historiska museet; Erik Lundstr\u00f6m Diakon; Ann Bernes kommande ordf\u00f6rande f\u00f6r IHRA; Zdizislav Bilicki, barn till \u00f6verlevande.<br>Bengt O Bj\u00f6rklund, poet och journalist, \u00c9 Romani Glinda; Fred Taikon, Maria Taikon, \u00c9 Romani Glinda.<br><br>Musik: Am\u00e9 sam rom med solisterna Witt Michaj, Emilia Huczko, Sergiusz Markowski; Mikolai Kweik<br>Minnesh\u00f6gtiden avslutas traditionsenligt med kaffe och dopp.<br><br>Tid: 27 januari 2022 kl. insl\u00e4pp 17.30 programmet b\u00f6rjar 18:00<br>OBS. Programmet genomf\u00f6rs med begr\u00e4nsad publik p\u00e5 plats och livestreamas.<br>Vi f\u00f6ljer Folkh\u00e4lsomyndighetens rekommendationer g\u00e4llande Covid 19. S\u00e5 klart b\u00e4r alla munskydd.<br>Plats: Hedvig Eleonora Kyrka<br>T:bana \u00d6stermalmstorg<br>F\u00f6r mer information 070-712 39 91.<br>Vi reserverar oss f\u00f6r \u00e4ndringar i programmet.<br><br>I samarbete och med st\u00f6d fr\u00e5n Forum f\u00f6r Levande Historia, Svenska Kyrkan Hedvig Eleonora F\u00f6rsamling, Svenska Kyrkan Stockholm Stift, Sensus Stockholm, Statens kulturr\u00e5d och Region Stockholm.<\/p>\n\n\n\n<p>Mer information via <a href=\"https:\/\/www.romaniglinda.se\/\">https:\/\/www.romaniglinda.se\/<\/a><\/p>\n","protected":false},"excerpt":{"rendered":"<p>\u00c9 Romani Glinda bjuder in till minnesstund i Hedvig Eleonora kyrka OBS eventet genomf\u00f6rs med begr\u00e4nsad publik p\u00e5 plats samt livestreamas. Den 27 januari 1945 befriades f\u00e5ngarna i koncentrationsl\u00e4gret Auschwitz-Birkenau av R\u00f6da arm\u00e9n. D\u00e4rf\u00f6r manifesterar vi F\u00f6rintelsens minnesdag, en internationell minnesdag f\u00f6r F\u00f6rintelsens offer. Minnesdagen \u00e4r till f\u00f6r att vi aldrig ska gl\u00f6mma nazisternas offer [&hellip;]<\/p>\n","protected":false},"author":1,"featured_media":0,"comment_status":"open","ping_status":"open","sticky":false,"template":"","format":"standard","meta":{"footnotes":""},"categories":[4],"tags":[],"class_list":["post-127","post","type-post","status-publish","format-standard","hentry","category-folkgrupper"],"_links":{"self":[{"href":"https:\/\/immigrant.org\/aktuellt\/wp-json\/wp\/v2\/posts\/127","targetHints":{"allow":["GET"]}}],"collection":[{"href":"https:\/\/immigrant.org\/aktuellt\/wp-json\/wp\/v2\/posts"}],"about":[{"href":"https:\/\/immigrant.org\/aktuellt\/wp-json\/wp\/v2\/types\/post"}],"author":[{"embeddable":true,"href":"https:\/\/immigrant.org\/aktuellt\/wp-json\/wp\/v2\/users\/1"}],"replies":[{"embeddable":true,"href":"https:\/\/immigrant.org\/aktuellt\/wp-json\/wp\/v2\/comments?post=127"}],"version-history":[{"count":2,"href":"https:\/\/immigrant.org\/aktuellt\/wp-json\/wp\/v2\/posts\/127\/revisions"}],"predecessor-version":[{"id":134,"href":"https:\/\/immigrant.org\/aktuellt\/wp-json\/wp\/v2\/posts\/127\/revisions\/134"}],"wp:attachment":[{"href":"https:\/\/immigrant.org\/aktuellt\/wp-json\/wp\/v2\/media?parent=127"}],"wp:term":[{"taxonomy":"category","embeddable":true,"href":"https:\/\/immigrant.org\/aktuellt\/wp-json\/wp\/v2\/categories?post=127"},{"taxonomy":"post_tag","embeddable":true,"href":"https:\/\/immigrant.org\/aktuellt\/wp-json\/wp\/v2\/tags?post=127"}],"curies":[{"name":"wp","href":"https:\/\/api.w.org\/{rel}","templated":true}]}}