{"id":120,"date":"2022-01-20T09:47:51","date_gmt":"2022-01-20T09:47:51","guid":{"rendered":"https:\/\/immigrant.org\/aktuellt\/?p=120"},"modified":"2022-02-14T10:48:56","modified_gmt":"2022-02-14T10:48:56","slug":"bidrag-till-etniska-organisationer","status":"publish","type":"post","link":"https:\/\/immigrant.org\/aktuellt\/2022\/01\/20\/bidrag-till-etniska-organisationer\/","title":{"rendered":"Bidrag till etniska organisationer"},"content":{"rendered":"\n<p>Nu \u00e4r det bekr\u00e4ftat. Mucf, Myndigheten f\u00f6r ungdoms- och civilsamh\u00e4llesfr\u00e5gor, \u00e4r inte myndig sin uppgift. Jag l\u00e4mnade en del uppgifter om en etnisk organisation, som enligt min mening inte var v\u00e4rd statligt st\u00f6d, men uppgifterna har i stort ignorerats. Mucf har v\u00e4grat unders\u00f6ka dem och n\u00f6jt sig med att fr\u00e5ga organisationen, och godtagit deras svar. Ett exempel \u00e4r den icke-befintliga verksamheten \u00e5terspeglad i b\u00e5de verksamhetsber\u00e4ttelserna och i hemsidan. <\/p>\n\n\n\n<p>\u00c5rets nya ordf\u00f6rande uppger till Mucf att hemsidan inte uppdaterades p\u00e5 fyra \u00e5r p\u00e5 grund av att de saknade internetkunniga. Men ser man p\u00e5 resultatet idag ingenting har blivit b\u00e4ttre.  Informationen idag \u00e4r densamma som 2017 med undantag f\u00f6r uppgift om nya styrelsen, lista p\u00e5 medlemsf\u00f6reningar och den nya lokaladressen. \u00c4ndringen best\u00e5r av en snyggare f\u00f6rpackning och flera f\u00e4rger. \u00c4r detta v\u00e4rt ett bidrag fr\u00e5n Mucf? Uppgiften om medlemsavgift f\u00f6r f\u00f6reningar \u00e4r fortfarande fr\u00e5n 2017. \u00c5rsm\u00f6tet fr\u00e5n 2017 med verksamhetsber\u00e4ttelse f\u00f6r 2016 finns kvar, och ingenting om \u00e5rets \u00e5rsm\u00f6te. Uppgift p\u00e5 hemsidan om medlemsf\u00f6reningar \u00e4r inte l\u00e4ngre fr\u00e5n 2017, som den var f\u00f6r n\u00e5gon m\u00e5nad sedan, men \u00e4r densamma som l\u00e4mnades ut vid ans\u00f6kan september 2021 och som fick revideras under ans\u00f6kans g\u00e5ng.  En f\u00f6rening som \u00e4r kvar p\u00e5 hemsidan, Swesom, uppges h\u00f6ra till G\u00f6teborg, medan i den senaste levererade listan till Mucf placeras i Nyk\u00f6ping med namnet Swedsomhj\u00e4lporganization, och den i G\u00f6teborg har f\u00f6rsvunnit ur listan. Om det \u00e4r samma f\u00f6rening eller tv\u00e5 olika \u00e4r ingenting som bekymrar Mucf. Myndigheten svarar inte p\u00e5 fr\u00e5gan. Och s\u00e5 vidare.<\/p>\n\n\n\n<p>I st\u00e4llet har Mucf \u00e4gnat tid \u00e5t att unders\u00f6ka om det av organisationen uppgivna kontot var deras. Mucf sade sig ha s\u00f6kt p\u00e5 webbsidan <em>postgirot.se<\/em> och inte funnit att kontot existerade. Till saken h\u00f6r att postgirot.se upph\u00f6rde redan 2005. De som kommer ih\u00e5g det gamla <em>postgirot<\/em> vet att det bytte namn till <em>plusgirot<\/em>, som \u00e4gs av Nordea. Mucf blev inte glada av att man kunde ironisera med personalen om s\u00e5na enkla administrativa saker och skrev den 17 december: <\/p>\n\n\n\n<blockquote class=\"wp-block-quote is-layout-flow wp-block-quote-is-layout-flow\"><p>Myndigheten har tagit emot dina mail och kommer i forts\u00e4ttningen endast svara d\u00e5 det tillf\u00f6r nya uppgifter till \u00e4rendet. Enskilda fr\u00e5gor d\u00e4r svar endast ber\u00f6r organisationen, allm\u00e4nna \u00e5sikter eller fr\u00e5gor d\u00e4r MUCF redan gjort en utredning av sakfr\u00e5gan kommer forts\u00e4ttningsvis inte l\u00e4ngre att besvaras.<\/p><\/blockquote>\n\n\n\n<p>Mucf hade redan tv\u00e5 \u00e5r tidigare fr\u00e5gat om kontot var organisationens eget. Det intressanta i sammanhanget \u00e4r att organisationen l\u00e4mnade f\u00f6r \u00e5rets ans\u00f6kan som bevis fyra verifikationer p\u00e5 medlemsinbetalningar fr\u00e5n lokala f\u00f6reningar, av vilka tv\u00e5 hade gjorts fr\u00e5n privata personers konto eller direkt p\u00e5 posten. Organisationen hade blivit utan bidrag under 2018-2019 just p\u00e5 grund av detta fusk. Den h\u00e4r g\u00e5ngen gjorde Mucf ingenting f\u00f6r att unders\u00f6ka om f\u00f6reningarna hade egna konton eller om enskilda privata personer uppgav sig f\u00f6r att vara en f\u00f6rening. S\u00e5 \u00e4r fallet med den person som 2020 och h\u00e4lften av 2021 var ordf\u00f6rande i riksorganisationen. Han betalade en avgift fr\u00e5n eget privat konto eller direkt via posten och organisationen bokf\u00f6rde summan som medlemsavgift fr\u00e5n hans lokalf\u00f6rening. Man ska veta ocks\u00e5 att f\u00f6reningen inte \u00e4r med p\u00e5 listan \u00f6ver medlemsf\u00f6reningar 2020, som \u00e4r underlaget f\u00f6r Mucfs bidrag f\u00f6r 2022. V\u00e4rt att veta \u00e4r ocks\u00e5 att f\u00f6reningen var medlem i tv\u00e5 riksorganisationer, men rapporterade till Mucf olika antal medlemmar, 50 i den ena organisationen och 92 i den andra. Hur tillf\u00f6rlitlig \u00e4r medlemsredovisningen om organisationens ordf\u00f6rande sj\u00e4lv uppger olika medlemssiffror f\u00f6r sin egen lokalf\u00f6rening?<\/p>\n\n\n\n<p>Till saken h\u00f6r att n\u00e4r en &#8220;f\u00f6rening&#8221; betalar sin medlemsavgift, omkring 300 kr f\u00f6r flertalet, f\u00e5r f\u00f6reningen med v\u00e4ndande post ett bidrag fr\u00e5n organisationen p\u00e5 5.000 kronor. Till 12 av de uppgivna 22 medlemsf\u00f6reningar betalades ocks\u00e5 9.000 kronor var ut\u00f6ver de 5.000 kr. Bra avkastning f\u00f6r 300 kronor. Rena Ebber\u00f6ds bank. Ca h\u00e4lften (200.000 kronor) av det statliga bidraget till organisationen delades ut mellan f\u00f6reningarna. <\/p>\n\n\n\n<p>Till slut, utan att unders\u00f6ka de tv\u00e5  inbetalningar (av de fyra som organisationen l\u00e4mnade ut) som gjordes av privata personer eller ens fr\u00e5ga, best\u00e4mde Mucf den 13 januari att organisationen uppfyller villkoren f\u00f6r bidrag 2022:<\/p>\n\n\n\n<blockquote class=\"wp-block-quote is-layout-flow wp-block-quote-is-layout-flow\"><p>Myndigheten fick via e-post den 13 oktober 2021 in uppgifter om oegentligheter i er organisation. Ni har f\u00e5tt yttra er \u00f6ver dessa uppgifter. Utifr\u00e5n svaret bed\u00f6mer myndigheten att det inte finns anledning att vidta n\u00e5gra \u00e5tg\u00e4rder och att er organisation uppfyller villkoren i f\u00f6rordning (2008:63) om statsbidrag till organisationer bildade p\u00e5 etnisk grund.<\/p><\/blockquote>\n\n\n\n<p>men till\u00e4gger i sitt beslut:<\/p>\n\n\n\n<blockquote class=\"wp-block-quote is-layout-flow wp-block-quote-is-layout-flow\"><p>MUCF kommer i forts\u00e4ttningen att st\u00e4lla <strong>h\u00f6gre krav <\/strong>p\u00e5 organisationens redovisning av medlemmar och medlemsf\u00f6reningar. Organisationen m\u00e5ste kunna redovisa samtliga medlemmar i samtliga medlemsf\u00f6reningar, \u00e4ven de som inte \u00e4r bidragsgrundande. I annat fall kan detta p\u00e5verka organisationens m\u00f6jlighet att bli beviljad statsbidrag fr\u00e5n MUCF.<\/p><\/blockquote>\n\n\n\n<p>Det ser ut att det \u00e4r tv\u00e5 paragrafer i samma beslut som har skrivits av tv\u00e5 olika personer. Den ena tycker att organisationen uppfyller kraven f\u00f6r bidrag och den andra anser att redovisningen inte f\u00f6ljer Mucfs krav. Efter detta finns ingenting att till\u00e4gga.<\/p>\n\n\n\n<p>Synpunkter v\u00e4lkomnas via emejl: info@immigrant.org<\/p>\n\n\n\n<p><\/p>\n","protected":false},"excerpt":{"rendered":"<p>Nu \u00e4r det bekr\u00e4ftat. Mucf, Myndigheten f\u00f6r ungdoms- och civilsamh\u00e4llesfr\u00e5gor, \u00e4r inte myndig sin uppgift. Jag l\u00e4mnade en del uppgifter om en etnisk organisation, som enligt min mening inte var v\u00e4rd statligt st\u00f6d, men uppgifterna har i stort ignorerats. Mucf har v\u00e4grat unders\u00f6ka dem och n\u00f6jt sig med att fr\u00e5ga organisationen, och godtagit deras svar. [&hellip;]<\/p>\n","protected":false},"author":1,"featured_media":0,"comment_status":"open","ping_status":"open","sticky":false,"template":"","format":"standard","meta":{"footnotes":""},"categories":[7],"tags":[],"class_list":["post-120","post","type-post","status-publish","format-standard","hentry","category-debatt"],"_links":{"self":[{"href":"https:\/\/immigrant.org\/aktuellt\/wp-json\/wp\/v2\/posts\/120","targetHints":{"allow":["GET"]}}],"collection":[{"href":"https:\/\/immigrant.org\/aktuellt\/wp-json\/wp\/v2\/posts"}],"about":[{"href":"https:\/\/immigrant.org\/aktuellt\/wp-json\/wp\/v2\/types\/post"}],"author":[{"embeddable":true,"href":"https:\/\/immigrant.org\/aktuellt\/wp-json\/wp\/v2\/users\/1"}],"replies":[{"embeddable":true,"href":"https:\/\/immigrant.org\/aktuellt\/wp-json\/wp\/v2\/comments?post=120"}],"version-history":[{"count":16,"href":"https:\/\/immigrant.org\/aktuellt\/wp-json\/wp\/v2\/posts\/120\/revisions"}],"predecessor-version":[{"id":193,"href":"https:\/\/immigrant.org\/aktuellt\/wp-json\/wp\/v2\/posts\/120\/revisions\/193"}],"wp:attachment":[{"href":"https:\/\/immigrant.org\/aktuellt\/wp-json\/wp\/v2\/media?parent=120"}],"wp:term":[{"taxonomy":"category","embeddable":true,"href":"https:\/\/immigrant.org\/aktuellt\/wp-json\/wp\/v2\/categories?post=120"},{"taxonomy":"post_tag","embeddable":true,"href":"https:\/\/immigrant.org\/aktuellt\/wp-json\/wp\/v2\/tags?post=120"}],"curies":[{"name":"wp","href":"https:\/\/api.w.org\/{rel}","templated":true}]}}